{"id":307,"date":"2026-02-22T14:49:48","date_gmt":"2026-02-22T14:49:48","guid":{"rendered":"https:\/\/perigord-in.fr\/?p=307"},"modified":"2026-02-24T16:28:14","modified_gmt":"2026-02-24T16:28:14","slug":"le-mediete-explique-par-julia-paduch","status":"publish","type":"post","link":"https:\/\/perigord-in.fr\/index.php\/2026\/02\/22\/le-mediete-explique-par-julia-paduch\/","title":{"rendered":"Le M\u00e9di\u00e9t\u00e9 expliqu\u00e9 par Julia Paduch"},"content":{"rendered":"\n<p><strong>Cette pratique physique propos\u00e9e aux patients atteints d&#8217;un cancer par la Cami de Dordogne, s&#8217;ouvre au grand public. Objectifs : lutter contre les troubles li\u00e9s \u00e0 la s\u00e9dentarisation.<\/strong> <br><br><\/p>\n\n\n\n<figure class=\"wp-block-embed is-type-video is-provider-youtube wp-block-embed-youtube wp-embed-aspect-9-16 wp-has-aspect-ratio\"><div class=\"wp-block-embed__wrapper\">\n<div class=\"ast-oembed-container \" style=\"height: 100%;\"><iframe title=\"Le M\u00e9di\u00e9t\u00e9 expliqu\u00e9 en 1 minute\" width=\"422\" height=\"750\" src=\"https:\/\/www.youtube.com\/embed\/y5eJm6pbo00?feature=oembed\" frameborder=\"0\" allow=\"accelerometer; autoplay; clipboard-write; encrypted-media; gyroscope; picture-in-picture; web-share\" referrerpolicy=\"strict-origin-when-cross-origin\" allowfullscreen><\/iframe><\/div>\n<\/div><\/figure>\n\n\n\n<p>Si ce programme de th\u00e9rapie sportive est d\u00e9velopp\u00e9 par La Cami depuis 2002, la d\u00e9clinaison d\u00e9partementale a \u00e9t\u00e9 mise en place en 2011 par Charles-Briac Levach\u00e9, oncologue \u00e0 la polyclinique Francheville de P\u00e9rigueux. <br><br><strong>Une r\u00e9union d&#8217;information Cami Sport et Cancer a lieu le vendredi 13 mars de 14h \u00e0 16h dans l&#8217;\u00e9tablissement p\u00e9rigourdin.<\/strong><\/p>\n\n\n\n<p>Julia Paduch, a pris la rel\u00e8ve du triathl\u00e8te Lionel Roye, premier P\u00e9rigourdin \u00e0 \u00eatre dipl\u00f4m\u00e9 Sport et Cancer, en ao\u00fbt 2022. Et depuis son arriv\u00e9e, les s\u00e9ances de M\u00e9di\u00e9t\u00e9, qui entrent dans le cadre du plan gouvernemental \u00ab\u00a0Sport Sant\u00e9 Bien-\u00catre\u00a0\u00bb, sont ouvertes au grand public. <br>Elles ont lieu \u00e0 la Filature-de-l&#8217;Isle, \u00e0 P\u00e9rigueux, les lundis et jeudis, de 12h15 \u00e0 13h15.<br><br>\u00ab\u00a0Ces exercices permettent de maintenir un corps en bonne sant\u00e9 en travaillant les muscles profonds, la souplesse et l&#8217;\u00e9quilibre&#8230; Ils s&#8217;adressent donc \u00e0 tous\u00a0!\u00a0\u00bb, s&#8217;enthousiasme l&#8217;athl\u00e8te de 28 ans. Pour ces nouvelles s\u00e9ances, l&#8217;encha\u00eenement de ces exercices est plus rapide.<em>\u00a0\u00ab\u00a0On va chercher plus loin, notamment par du travail de gainage\u00a0\u00bb&#8230;<\/em>\u00a0Un sport complet, donc, si l&#8217;on en croit Julie qui pratique aussi bien la course \u00e0 pied, que la natation ou la danse\u00a0!<\/p>\n","protected":false},"excerpt":{"rendered":"<p>Cette pratique physique propos\u00e9e aux patients atteints d&#8217;un cancer par la Cami de Dordogne, s&#8217;ouvre au grand public. Objectifs : [&hellip;]<\/p>\n","protected":false},"author":3,"featured_media":306,"comment_status":"open","ping_status":"open","sticky":false,"template":"","format":"standard","meta":{"site-sidebar-layout":"default","site-content-layout":"","ast-site-content-layout":"default","site-content-style":"default","site-sidebar-style":"default","ast-global-header-display":"","ast-banner-title-visibility":"","ast-main-header-display":"","ast-hfb-above-header-display":"","ast-hfb-below-header-display":"","ast-hfb-mobile-header-display":"","site-post-title":"","ast-breadcrumbs-content":"","ast-featured-img":"","footer-sml-layout":"","theme-transparent-header-meta":"","adv-header-id-meta":"","stick-header-meta":"","header-above-stick-meta":"","header-main-stick-meta":"","header-below-stick-meta":"","astra-migrate-meta-layouts":"default","ast-page-background-enabled":"default","ast-page-background-meta":{"desktop":{"background-color":"var(--ast-global-color-5)","background-image":"","background-repeat":"repeat","background-position":"center center","background-size":"auto","background-attachment":"scroll","background-type":"","background-media":"","overlay-type":"","overlay-color":"","overlay-opacity":"","overlay-gradient":""},"tablet":{"background-color":"","background-image":"","background-repeat":"repeat","background-position":"center center","background-size":"auto","background-attachment":"scroll","background-type":"","background-media":"","overlay-type":"","overlay-color":"","overlay-opacity":"","overlay-gradient":""},"mobile":{"background-color":"","background-image":"","background-repeat":"repeat","background-position":"center center","background-size":"auto","background-attachment":"scroll","background-type":"","background-media":"","overlay-type":"","overlay-color":"","overlay-opacity":"","overlay-gradient":""}},"ast-content-background-meta":{"desktop":{"background-color":"var(--ast-global-color-4)","background-image":"","background-repeat":"repeat","background-position":"center center","background-size":"auto","background-attachment":"scroll","background-type":"","background-media":"","overlay-type":"","overlay-color":"","overlay-opacity":"","overlay-gradient":""},"tablet":{"background-color":"var(--ast-global-color-4)","background-image":"","background-repeat":"repeat","background-position":"center center","background-size":"auto","background-attachment":"scroll","background-type":"","background-media":"","overlay-type":"","overlay-color":"","overlay-opacity":"","overlay-gradient":""},"mobile":{"background-color":"var(--ast-global-color-4)","background-image":"","background-repeat":"repeat","background-position":"center center","background-size":"auto","background-attachment":"scroll","background-type":"","background-media":"","overlay-type":"","overlay-color":"","overlay-opacity":"","overlay-gradient":""}},"footnotes":""},"categories":[1],"tags":[],"class_list":["post-307","post","type-post","status-publish","format-standard","has-post-thumbnail","hentry","category-interview-video-interview-video"],"yoast_head":"<!-- This site is optimized with the Yoast SEO plugin v25.6 - https:\/\/yoast.com\/wordpress\/plugins\/seo\/ -->\n<title>Le M\u00e9di\u00e9t\u00e9 expliqu\u00e9 par Julia Paduch - Perigord&#039;In<\/title>\n<meta name=\"robots\" content=\"index, follow, max-snippet:-1, max-image-preview:large, max-video-preview:-1\" \/>\n<link rel=\"canonical\" href=\"http:\/\/perigord-in.fr\/index.php\/2026\/02\/22\/le-mediete-explique-par-julia-paduch\/\" \/>\n<meta property=\"og:locale\" content=\"en_US\" \/>\n<meta property=\"og:type\" content=\"article\" \/>\n<meta property=\"og:title\" content=\"Le M\u00e9di\u00e9t\u00e9 expliqu\u00e9 par Julia Paduch - Perigord&#039;In\" \/>\n<meta property=\"og:description\" content=\"Cette pratique physique propos\u00e9e aux patients atteints d&#8217;un cancer par la Cami de Dordogne, s&#8217;ouvre au grand public. Objectifs : [&hellip;]\" \/>\n<meta property=\"og:url\" content=\"http:\/\/perigord-in.fr\/index.php\/2026\/02\/22\/le-mediete-explique-par-julia-paduch\/\" \/>\n<meta property=\"og:site_name\" content=\"Perigord&#039;In\" \/>\n<meta property=\"article:published_time\" content=\"2026-02-22T14:49:48+00:00\" \/>\n<meta property=\"article:modified_time\" content=\"2026-02-24T16:28:14+00:00\" \/>\n<meta property=\"og:image\" content=\"http:\/\/perigord-in.fr\/wp-content\/uploads\/2026\/02\/Julia-paduck-horizontal-copie-mini.jpg\" \/>\n\t<meta property=\"og:image:width\" content=\"355\" \/>\n\t<meta property=\"og:image:height\" content=\"206\" \/>\n\t<meta property=\"og:image:type\" content=\"image\/jpeg\" \/>\n<meta name=\"author\" content=\"Emma\" \/>\n<meta name=\"twitter:card\" content=\"summary_large_image\" \/>\n<meta name=\"twitter:label1\" content=\"Written by\" \/>\n\t<meta name=\"twitter:data1\" content=\"Emma\" \/>\n\t<meta name=\"twitter:label2\" content=\"Est. reading time\" \/>\n\t<meta name=\"twitter:data2\" content=\"2 minutes\" \/>\n<script type=\"application\/ld+json\" class=\"yoast-schema-graph\">{\"@context\":\"https:\/\/schema.org\",\"@graph\":[{\"@type\":\"Article\",\"@id\":\"http:\/\/perigord-in.fr\/index.php\/2026\/02\/22\/le-mediete-explique-par-julia-paduch\/#article\",\"isPartOf\":{\"@id\":\"http:\/\/perigord-in.fr\/index.php\/2026\/02\/22\/le-mediete-explique-par-julia-paduch\/\"},\"author\":{\"name\":\"Emma\",\"@id\":\"http:\/\/perigord-in.fr\/#\/schema\/person\/2ccfb2c296fabd4621ef2fec0ec4c31b\"},\"headline\":\"Le M\u00e9di\u00e9t\u00e9 expliqu\u00e9 par Julia Paduch\",\"datePublished\":\"2026-02-22T14:49:48+00:00\",\"dateModified\":\"2026-02-24T16:28:14+00:00\",\"mainEntityOfPage\":{\"@id\":\"http:\/\/perigord-in.fr\/index.php\/2026\/02\/22\/le-mediete-explique-par-julia-paduch\/\"},\"wordCount\":252,\"commentCount\":0,\"publisher\":{\"@id\":\"http:\/\/perigord-in.fr\/#organization\"},\"image\":{\"@id\":\"http:\/\/perigord-in.fr\/index.php\/2026\/02\/22\/le-mediete-explique-par-julia-paduch\/#primaryimage\"},\"thumbnailUrl\":\"https:\/\/perigord-in.fr\/wp-content\/uploads\/2026\/02\/Julia-paduck-horizontal-copie-mini.jpg\",\"articleSection\":[\"interview vid\u00e9o\"],\"inLanguage\":\"en-US\",\"potentialAction\":[{\"@type\":\"CommentAction\",\"name\":\"Comment\",\"target\":[\"http:\/\/perigord-in.fr\/index.php\/2026\/02\/22\/le-mediete-explique-par-julia-paduch\/#respond\"]}]},{\"@type\":\"WebPage\",\"@id\":\"http:\/\/perigord-in.fr\/index.php\/2026\/02\/22\/le-mediete-explique-par-julia-paduch\/\",\"url\":\"http:\/\/perigord-in.fr\/index.php\/2026\/02\/22\/le-mediete-explique-par-julia-paduch\/\",\"name\":\"Le M\u00e9di\u00e9t\u00e9 expliqu\u00e9 par Julia Paduch - Perigord&#039;In\",\"isPartOf\":{\"@id\":\"http:\/\/perigord-in.fr\/#website\"},\"primaryImageOfPage\":{\"@id\":\"http:\/\/perigord-in.fr\/index.php\/2026\/02\/22\/le-mediete-explique-par-julia-paduch\/#primaryimage\"},\"image\":{\"@id\":\"http:\/\/perigord-in.fr\/index.php\/2026\/02\/22\/le-mediete-explique-par-julia-paduch\/#primaryimage\"},\"thumbnailUrl\":\"https:\/\/perigord-in.fr\/wp-content\/uploads\/2026\/02\/Julia-paduck-horizontal-copie-mini.jpg\",\"datePublished\":\"2026-02-22T14:49:48+00:00\",\"dateModified\":\"2026-02-24T16:28:14+00:00\",\"breadcrumb\":{\"@id\":\"http:\/\/perigord-in.fr\/index.php\/2026\/02\/22\/le-mediete-explique-par-julia-paduch\/#breadcrumb\"},\"inLanguage\":\"en-US\",\"potentialAction\":[{\"@type\":\"ReadAction\",\"target\":[\"http:\/\/perigord-in.fr\/index.php\/2026\/02\/22\/le-mediete-explique-par-julia-paduch\/\"]}]},{\"@type\":\"ImageObject\",\"inLanguage\":\"en-US\",\"@id\":\"http:\/\/perigord-in.fr\/index.php\/2026\/02\/22\/le-mediete-explique-par-julia-paduch\/#primaryimage\",\"url\":\"https:\/\/perigord-in.fr\/wp-content\/uploads\/2026\/02\/Julia-paduck-horizontal-copie-mini.jpg\",\"contentUrl\":\"https:\/\/perigord-in.fr\/wp-content\/uploads\/2026\/02\/Julia-paduck-horizontal-copie-mini.jpg\",\"width\":355,\"height\":206,\"caption\":\"Cette pratique physique propos\u00e9e aux patients atteints d'un cancer par la Cami de Dordogne, s'ouvre au grand public. Objectifs : lutter contre les troubles li\u00e9s \u00e0 la s\u00e9dentarisation.\"},{\"@type\":\"BreadcrumbList\",\"@id\":\"http:\/\/perigord-in.fr\/index.php\/2026\/02\/22\/le-mediete-explique-par-julia-paduch\/#breadcrumb\",\"itemListElement\":[{\"@type\":\"ListItem\",\"position\":1,\"name\":\"Home\",\"item\":\"http:\/\/perigord-in.fr\/\"},{\"@type\":\"ListItem\",\"position\":2,\"name\":\"Le M\u00e9di\u00e9t\u00e9 expliqu\u00e9 par Julia Paduch\"}]},{\"@type\":\"WebSite\",\"@id\":\"http:\/\/perigord-in.fr\/#website\",\"url\":\"http:\/\/perigord-in.fr\/\",\"name\":\"Perigord&#039;In\",\"description\":\"\",\"publisher\":{\"@id\":\"http:\/\/perigord-in.fr\/#organization\"},\"potentialAction\":[{\"@type\":\"SearchAction\",\"target\":{\"@type\":\"EntryPoint\",\"urlTemplate\":\"http:\/\/perigord-in.fr\/?s={search_term_string}\"},\"query-input\":{\"@type\":\"PropertyValueSpecification\",\"valueRequired\":true,\"valueName\":\"search_term_string\"}}],\"inLanguage\":\"en-US\"},{\"@type\":\"Organization\",\"@id\":\"http:\/\/perigord-in.fr\/#organization\",\"name\":\"Perigord&#039;In\",\"url\":\"http:\/\/perigord-in.fr\/\",\"logo\":{\"@type\":\"ImageObject\",\"inLanguage\":\"en-US\",\"@id\":\"http:\/\/perigord-in.fr\/#\/schema\/logo\/image\/\",\"url\":\"https:\/\/perigord-in.fr\/wp-content\/uploads\/2025\/10\/cropped-PX-baseline@2x-scaled-1.png\",\"contentUrl\":\"https:\/\/perigord-in.fr\/wp-content\/uploads\/2025\/10\/cropped-PX-baseline@2x-scaled-1.png\",\"width\":2560,\"height\":854,\"caption\":\"Perigord&#039;In\"},\"image\":{\"@id\":\"http:\/\/perigord-in.fr\/#\/schema\/logo\/image\/\"}},{\"@type\":\"Person\",\"@id\":\"http:\/\/perigord-in.fr\/#\/schema\/person\/2ccfb2c296fabd4621ef2fec0ec4c31b\",\"name\":\"Emma\",\"image\":{\"@type\":\"ImageObject\",\"inLanguage\":\"en-US\",\"@id\":\"http:\/\/perigord-in.fr\/#\/schema\/person\/image\/\",\"url\":\"https:\/\/secure.gravatar.com\/avatar\/24e28e2ed001ee5f68452ca15f58e1fb9199409c15a90e91c02e788a92c3289e?s=96&d=mm&r=g\",\"contentUrl\":\"https:\/\/secure.gravatar.com\/avatar\/24e28e2ed001ee5f68452ca15f58e1fb9199409c15a90e91c02e788a92c3289e?s=96&d=mm&r=g\",\"caption\":\"Emma\"},\"url\":\"https:\/\/perigord-in.fr\/index.php\/author\/emma\/\"}]}<\/script>\n<!-- \/ Yoast SEO plugin. -->","yoast_head_json":{"title":"Le M\u00e9di\u00e9t\u00e9 expliqu\u00e9 par Julia Paduch - Perigord&#039;In","robots":{"index":"index","follow":"follow","max-snippet":"max-snippet:-1","max-image-preview":"max-image-preview:large","max-video-preview":"max-video-preview:-1"},"canonical":"http:\/\/perigord-in.fr\/index.php\/2026\/02\/22\/le-mediete-explique-par-julia-paduch\/","og_locale":"en_US","og_type":"article","og_title":"Le M\u00e9di\u00e9t\u00e9 expliqu\u00e9 par Julia Paduch - Perigord&#039;In","og_description":"Cette pratique physique propos\u00e9e aux patients atteints d&#8217;un cancer par la Cami de Dordogne, s&#8217;ouvre au grand public. Objectifs : [&hellip;]","og_url":"http:\/\/perigord-in.fr\/index.php\/2026\/02\/22\/le-mediete-explique-par-julia-paduch\/","og_site_name":"Perigord&#039;In","article_published_time":"2026-02-22T14:49:48+00:00","article_modified_time":"2026-02-24T16:28:14+00:00","og_image":[{"width":355,"height":206,"url":"http:\/\/perigord-in.fr\/wp-content\/uploads\/2026\/02\/Julia-paduck-horizontal-copie-mini.jpg","type":"image\/jpeg"}],"author":"Emma","twitter_card":"summary_large_image","twitter_misc":{"Written by":"Emma","Est. reading time":"2 minutes"},"schema":{"@context":"https:\/\/schema.org","@graph":[{"@type":"Article","@id":"http:\/\/perigord-in.fr\/index.php\/2026\/02\/22\/le-mediete-explique-par-julia-paduch\/#article","isPartOf":{"@id":"http:\/\/perigord-in.fr\/index.php\/2026\/02\/22\/le-mediete-explique-par-julia-paduch\/"},"author":{"name":"Emma","@id":"http:\/\/perigord-in.fr\/#\/schema\/person\/2ccfb2c296fabd4621ef2fec0ec4c31b"},"headline":"Le M\u00e9di\u00e9t\u00e9 expliqu\u00e9 par Julia Paduch","datePublished":"2026-02-22T14:49:48+00:00","dateModified":"2026-02-24T16:28:14+00:00","mainEntityOfPage":{"@id":"http:\/\/perigord-in.fr\/index.php\/2026\/02\/22\/le-mediete-explique-par-julia-paduch\/"},"wordCount":252,"commentCount":0,"publisher":{"@id":"http:\/\/perigord-in.fr\/#organization"},"image":{"@id":"http:\/\/perigord-in.fr\/index.php\/2026\/02\/22\/le-mediete-explique-par-julia-paduch\/#primaryimage"},"thumbnailUrl":"https:\/\/perigord-in.fr\/wp-content\/uploads\/2026\/02\/Julia-paduck-horizontal-copie-mini.jpg","articleSection":["interview vid\u00e9o"],"inLanguage":"en-US","potentialAction":[{"@type":"CommentAction","name":"Comment","target":["http:\/\/perigord-in.fr\/index.php\/2026\/02\/22\/le-mediete-explique-par-julia-paduch\/#respond"]}]},{"@type":"WebPage","@id":"http:\/\/perigord-in.fr\/index.php\/2026\/02\/22\/le-mediete-explique-par-julia-paduch\/","url":"http:\/\/perigord-in.fr\/index.php\/2026\/02\/22\/le-mediete-explique-par-julia-paduch\/","name":"Le M\u00e9di\u00e9t\u00e9 expliqu\u00e9 par Julia Paduch - Perigord&#039;In","isPartOf":{"@id":"http:\/\/perigord-in.fr\/#website"},"primaryImageOfPage":{"@id":"http:\/\/perigord-in.fr\/index.php\/2026\/02\/22\/le-mediete-explique-par-julia-paduch\/#primaryimage"},"image":{"@id":"http:\/\/perigord-in.fr\/index.php\/2026\/02\/22\/le-mediete-explique-par-julia-paduch\/#primaryimage"},"thumbnailUrl":"https:\/\/perigord-in.fr\/wp-content\/uploads\/2026\/02\/Julia-paduck-horizontal-copie-mini.jpg","datePublished":"2026-02-22T14:49:48+00:00","dateModified":"2026-02-24T16:28:14+00:00","breadcrumb":{"@id":"http:\/\/perigord-in.fr\/index.php\/2026\/02\/22\/le-mediete-explique-par-julia-paduch\/#breadcrumb"},"inLanguage":"en-US","potentialAction":[{"@type":"ReadAction","target":["http:\/\/perigord-in.fr\/index.php\/2026\/02\/22\/le-mediete-explique-par-julia-paduch\/"]}]},{"@type":"ImageObject","inLanguage":"en-US","@id":"http:\/\/perigord-in.fr\/index.php\/2026\/02\/22\/le-mediete-explique-par-julia-paduch\/#primaryimage","url":"https:\/\/perigord-in.fr\/wp-content\/uploads\/2026\/02\/Julia-paduck-horizontal-copie-mini.jpg","contentUrl":"https:\/\/perigord-in.fr\/wp-content\/uploads\/2026\/02\/Julia-paduck-horizontal-copie-mini.jpg","width":355,"height":206,"caption":"Cette pratique physique propos\u00e9e aux patients atteints d'un cancer par la Cami de Dordogne, s'ouvre au grand public. Objectifs : lutter contre les troubles li\u00e9s \u00e0 la s\u00e9dentarisation."},{"@type":"BreadcrumbList","@id":"http:\/\/perigord-in.fr\/index.php\/2026\/02\/22\/le-mediete-explique-par-julia-paduch\/#breadcrumb","itemListElement":[{"@type":"ListItem","position":1,"name":"Home","item":"http:\/\/perigord-in.fr\/"},{"@type":"ListItem","position":2,"name":"Le M\u00e9di\u00e9t\u00e9 expliqu\u00e9 par Julia Paduch"}]},{"@type":"WebSite","@id":"http:\/\/perigord-in.fr\/#website","url":"http:\/\/perigord-in.fr\/","name":"Perigord&#039;In","description":"","publisher":{"@id":"http:\/\/perigord-in.fr\/#organization"},"potentialAction":[{"@type":"SearchAction","target":{"@type":"EntryPoint","urlTemplate":"http:\/\/perigord-in.fr\/?s={search_term_string}"},"query-input":{"@type":"PropertyValueSpecification","valueRequired":true,"valueName":"search_term_string"}}],"inLanguage":"en-US"},{"@type":"Organization","@id":"http:\/\/perigord-in.fr\/#organization","name":"Perigord&#039;In","url":"http:\/\/perigord-in.fr\/","logo":{"@type":"ImageObject","inLanguage":"en-US","@id":"http:\/\/perigord-in.fr\/#\/schema\/logo\/image\/","url":"https:\/\/perigord-in.fr\/wp-content\/uploads\/2025\/10\/cropped-PX-baseline@2x-scaled-1.png","contentUrl":"https:\/\/perigord-in.fr\/wp-content\/uploads\/2025\/10\/cropped-PX-baseline@2x-scaled-1.png","width":2560,"height":854,"caption":"Perigord&#039;In"},"image":{"@id":"http:\/\/perigord-in.fr\/#\/schema\/logo\/image\/"}},{"@type":"Person","@id":"http:\/\/perigord-in.fr\/#\/schema\/person\/2ccfb2c296fabd4621ef2fec0ec4c31b","name":"Emma","image":{"@type":"ImageObject","inLanguage":"en-US","@id":"http:\/\/perigord-in.fr\/#\/schema\/person\/image\/","url":"https:\/\/secure.gravatar.com\/avatar\/24e28e2ed001ee5f68452ca15f58e1fb9199409c15a90e91c02e788a92c3289e?s=96&d=mm&r=g","contentUrl":"https:\/\/secure.gravatar.com\/avatar\/24e28e2ed001ee5f68452ca15f58e1fb9199409c15a90e91c02e788a92c3289e?s=96&d=mm&r=g","caption":"Emma"},"url":"https:\/\/perigord-in.fr\/index.php\/author\/emma\/"}]}},"_links":{"self":[{"href":"https:\/\/perigord-in.fr\/index.php\/wp-json\/wp\/v2\/posts\/307","targetHints":{"allow":["GET"]}}],"collection":[{"href":"https:\/\/perigord-in.fr\/index.php\/wp-json\/wp\/v2\/posts"}],"about":[{"href":"https:\/\/perigord-in.fr\/index.php\/wp-json\/wp\/v2\/types\/post"}],"author":[{"embeddable":true,"href":"https:\/\/perigord-in.fr\/index.php\/wp-json\/wp\/v2\/users\/3"}],"replies":[{"embeddable":true,"href":"https:\/\/perigord-in.fr\/index.php\/wp-json\/wp\/v2\/comments?post=307"}],"version-history":[{"count":10,"href":"https:\/\/perigord-in.fr\/index.php\/wp-json\/wp\/v2\/posts\/307\/revisions"}],"predecessor-version":[{"id":326,"href":"https:\/\/perigord-in.fr\/index.php\/wp-json\/wp\/v2\/posts\/307\/revisions\/326"}],"wp:featuredmedia":[{"embeddable":true,"href":"https:\/\/perigord-in.fr\/index.php\/wp-json\/wp\/v2\/media\/306"}],"wp:attachment":[{"href":"https:\/\/perigord-in.fr\/index.php\/wp-json\/wp\/v2\/media?parent=307"}],"wp:term":[{"taxonomy":"category","embeddable":true,"href":"https:\/\/perigord-in.fr\/index.php\/wp-json\/wp\/v2\/categories?post=307"},{"taxonomy":"post_tag","embeddable":true,"href":"https:\/\/perigord-in.fr\/index.php\/wp-json\/wp\/v2\/tags?post=307"}],"curies":[{"name":"wp","href":"https:\/\/api.w.org\/{rel}","templated":true}]}}