{"id":192,"date":"2025-12-16T17:38:27","date_gmt":"2025-12-16T17:38:27","guid":{"rendered":"https:\/\/perigord-in.fr\/?p=192"},"modified":"2025-12-17T07:50:09","modified_gmt":"2025-12-17T07:50:09","slug":"silot-parc-urbain-au-coeur-de-lagglo","status":"publish","type":"post","link":"https:\/\/perigord-in.fr\/index.php\/2025\/12\/16\/silot-parc-urbain-au-coeur-de-lagglo\/","title":{"rendered":"S\u00eelot, parc urbain au c\u0153ur de l&#8217;agglo"},"content":{"rendered":"\t\t<div data-elementor-type=\"wp-post\" data-elementor-id=\"192\" class=\"elementor elementor-192\" data-elementor-settings=\"{&quot;ha_cmc_init_switcher&quot;:&quot;no&quot;}\">\n\t\t\t\t<div class=\"elementor-element elementor-element-24e121c e-flex e-con-boxed e-con e-parent\" data-id=\"24e121c\" data-element_type=\"container\" data-settings=\"{&quot;_ha_eqh_enable&quot;:false}\">\n\t\t\t\t\t<div class=\"e-con-inner\">\n\t\t\t\t<div class=\"elementor-element elementor-element-1f4d581 elementor-widget elementor-widget-text-editor\" data-id=\"1f4d581\" data-element_type=\"widget\" data-widget_type=\"text-editor.default\">\n\t\t\t\t\t\t\t\t\t\n<figure class=\"wp-block-image size-full\"><img fetchpriority=\"high\" decoding=\"async\" width=\"355\" height=\"199\" class=\"wp-image-193\" src=\"http:\/\/perigord-in.fr\/wp-content\/uploads\/2025\/12\/photo-video-Silot-mini-1.jpg\" alt=\"\" srcset=\"https:\/\/perigord-in.fr\/wp-content\/uploads\/2025\/12\/photo-video-Silot-mini-1.jpg 355w, https:\/\/perigord-in.fr\/wp-content\/uploads\/2025\/12\/photo-video-Silot-mini-1-300x168.jpg 300w\" sizes=\"(max-width: 355px) 100vw, 355px\" \/><\/figure>\n\n<p>Le p\u00f4le des cultures urbaines et de l&#8217;\u00e9conomie sociale et solidaire de l&#8217;agglom\u00e9ration p\u00e9rigourdine a \u00e9t\u00e9 inaugur\u00e9 le 15 novembre 2025. Tour d&#8217;horizon de ces premi\u00e8res portes ouvertes&#8230;<\/p>\n\n<figure class=\"wp-block-audio\">\n<audio class=\"wp-audio-shortcode\" id=\"audio-192-1\" preload=\"none\" style=\"width: 100%;\" controls=\"controls\"><source type=\"audio\/mpeg\" src=\"http:\/\/perigord-in.fr\/wp-content\/uploads\/2025\/12\/2025.11.15-24-minutes-pour-une-rencontre-10-Le-Silot.mp3?_=1\" \/><a href=\"http:\/\/perigord-in.fr\/wp-content\/uploads\/2025\/12\/2025.11.15-24-minutes-pour-une-rencontre-10-Le-Silot.mp3\">http:\/\/perigord-in.fr\/wp-content\/uploads\/2025\/12\/2025.11.15-24-minutes-pour-une-rencontre-10-Le-Silot.mp3<\/a><\/audio>\n<\/figure>\n\t\t\t\t\t\t\t\t<\/div>\n\t\t\t\t<div class=\"elementor-element elementor-element-11eb19c elementor-widget elementor-widget-video\" data-id=\"11eb19c\" data-element_type=\"widget\" data-settings=\"{&quot;youtube_url&quot;:&quot;https:\\\/\\\/www.youtube.com\\\/watch?v=h-6MhiGDiWI&quot;,&quot;video_type&quot;:&quot;youtube&quot;,&quot;controls&quot;:&quot;yes&quot;}\" data-widget_type=\"video.default\">\n\t\t\t\t\t\t\t<div class=\"elementor-wrapper elementor-open-inline\">\n\t\t\t<div class=\"elementor-video\"><\/div>\t\t<\/div>\n\t\t\t\t\t\t<\/div>\n\t\t\t\t\t<\/div>\n\t\t\t\t<\/div>\n\t\t\t\t<\/div>\n\t\t","protected":false},"excerpt":{"rendered":"<p>Le p\u00f4le des cultures urbaines et de l&#8217;\u00e9conomie sociale et solidaire de l&#8217;agglom\u00e9ration p\u00e9rigourdine a \u00e9t\u00e9 inaugur\u00e9 le 15 novembre [&hellip;]<\/p>\n","protected":false},"author":3,"featured_media":193,"comment_status":"open","ping_status":"open","sticky":false,"template":"","format":"standard","meta":{"site-sidebar-layout":"default","site-content-layout":"","ast-site-content-layout":"default","site-content-style":"default","site-sidebar-style":"default","ast-global-header-display":"","ast-banner-title-visibility":"","ast-main-header-display":"","ast-hfb-above-header-display":"","ast-hfb-below-header-display":"","ast-hfb-mobile-header-display":"","site-post-title":"","ast-breadcrumbs-content":"","ast-featured-img":"","footer-sml-layout":"","theme-transparent-header-meta":"","adv-header-id-meta":"","stick-header-meta":"","header-above-stick-meta":"","header-main-stick-meta":"","header-below-stick-meta":"","astra-migrate-meta-layouts":"default","ast-page-background-enabled":"default","ast-page-background-meta":{"desktop":{"background-color":"var(--ast-global-color-5)","background-image":"","background-repeat":"repeat","background-position":"center center","background-size":"auto","background-attachment":"scroll","background-type":"","background-media":"","overlay-type":"","overlay-color":"","overlay-opacity":"","overlay-gradient":""},"tablet":{"background-color":"","background-image":"","background-repeat":"repeat","background-position":"center center","background-size":"auto","background-attachment":"scroll","background-type":"","background-media":"","overlay-type":"","overlay-color":"","overlay-opacity":"","overlay-gradient":""},"mobile":{"background-color":"","background-image":"","background-repeat":"repeat","background-position":"center center","background-size":"auto","background-attachment":"scroll","background-type":"","background-media":"","overlay-type":"","overlay-color":"","overlay-opacity":"","overlay-gradient":""}},"ast-content-background-meta":{"desktop":{"background-color":"var(--ast-global-color-4)","background-image":"","background-repeat":"repeat","background-position":"center center","background-size":"auto","background-attachment":"scroll","background-type":"","background-media":"","overlay-type":"","overlay-color":"","overlay-opacity":"","overlay-gradient":""},"tablet":{"background-color":"var(--ast-global-color-4)","background-image":"","background-repeat":"repeat","background-position":"center center","background-size":"auto","background-attachment":"scroll","background-type":"","background-media":"","overlay-type":"","overlay-color":"","overlay-opacity":"","overlay-gradient":""},"mobile":{"background-color":"var(--ast-global-color-4)","background-image":"","background-repeat":"repeat","background-position":"center center","background-size":"auto","background-attachment":"scroll","background-type":"","background-media":"","overlay-type":"","overlay-color":"","overlay-opacity":"","overlay-gradient":""}},"footnotes":""},"categories":[1],"tags":[],"class_list":["post-192","post","type-post","status-publish","format-standard","has-post-thumbnail","hentry","category-interview-video-interview-video"],"yoast_head":"<!-- This site is optimized with the Yoast SEO plugin v25.6 - https:\/\/yoast.com\/wordpress\/plugins\/seo\/ -->\n<title>S\u00eelot, parc urbain au c\u0153ur de l&#039;agglo - Perigord&#039;In<\/title>\n<meta name=\"robots\" content=\"index, follow, max-snippet:-1, max-image-preview:large, max-video-preview:-1\" \/>\n<link rel=\"canonical\" href=\"http:\/\/perigord-in.fr\/index.php\/2025\/12\/16\/silot-parc-urbain-au-coeur-de-lagglo\/\" \/>\n<meta property=\"og:locale\" content=\"en_US\" \/>\n<meta property=\"og:type\" content=\"article\" \/>\n<meta property=\"og:title\" content=\"S\u00eelot, parc urbain au c\u0153ur de l&#039;agglo - Perigord&#039;In\" \/>\n<meta property=\"og:description\" content=\"Le p\u00f4le des cultures urbaines et de l&#8217;\u00e9conomie sociale et solidaire de l&#8217;agglom\u00e9ration p\u00e9rigourdine a \u00e9t\u00e9 inaugur\u00e9 le 15 novembre [&hellip;]\" \/>\n<meta property=\"og:url\" content=\"http:\/\/perigord-in.fr\/index.php\/2025\/12\/16\/silot-parc-urbain-au-coeur-de-lagglo\/\" \/>\n<meta property=\"og:site_name\" content=\"Perigord&#039;In\" \/>\n<meta property=\"article:published_time\" content=\"2025-12-16T17:38:27+00:00\" \/>\n<meta property=\"article:modified_time\" content=\"2025-12-17T07:50:09+00:00\" \/>\n<meta property=\"og:image\" content=\"http:\/\/perigord-in.fr\/wp-content\/uploads\/2025\/12\/photo-video-Silot-mini-1.jpg\" \/>\n\t<meta property=\"og:image:width\" content=\"355\" \/>\n\t<meta property=\"og:image:height\" content=\"199\" \/>\n\t<meta property=\"og:image:type\" content=\"image\/jpeg\" \/>\n<meta name=\"author\" content=\"Emma\" \/>\n<meta name=\"twitter:card\" content=\"summary_large_image\" \/>\n<meta name=\"twitter:label1\" content=\"Written by\" \/>\n\t<meta name=\"twitter:data1\" content=\"Emma\" \/>\n\t<meta name=\"twitter:label2\" content=\"Est. reading time\" \/>\n\t<meta name=\"twitter:data2\" content=\"1 minute\" \/>\n<script type=\"application\/ld+json\" class=\"yoast-schema-graph\">{\"@context\":\"https:\/\/schema.org\",\"@graph\":[{\"@type\":\"Article\",\"@id\":\"http:\/\/perigord-in.fr\/index.php\/2025\/12\/16\/silot-parc-urbain-au-coeur-de-lagglo\/#article\",\"isPartOf\":{\"@id\":\"http:\/\/perigord-in.fr\/index.php\/2025\/12\/16\/silot-parc-urbain-au-coeur-de-lagglo\/\"},\"author\":{\"name\":\"Emma\",\"@id\":\"http:\/\/perigord-in.fr\/#\/schema\/person\/2ccfb2c296fabd4621ef2fec0ec4c31b\"},\"headline\":\"S\u00eelot, parc urbain au c\u0153ur de l&#8217;agglo\",\"datePublished\":\"2025-12-16T17:38:27+00:00\",\"dateModified\":\"2025-12-17T07:50:09+00:00\",\"mainEntityOfPage\":{\"@id\":\"http:\/\/perigord-in.fr\/index.php\/2025\/12\/16\/silot-parc-urbain-au-coeur-de-lagglo\/\"},\"wordCount\":63,\"commentCount\":0,\"publisher\":{\"@id\":\"http:\/\/perigord-in.fr\/#organization\"},\"image\":{\"@id\":\"http:\/\/perigord-in.fr\/index.php\/2025\/12\/16\/silot-parc-urbain-au-coeur-de-lagglo\/#primaryimage\"},\"thumbnailUrl\":\"https:\/\/perigord-in.fr\/wp-content\/uploads\/2025\/12\/photo-video-Silot-mini-1.jpg\",\"articleSection\":[\"interview vid\u00e9o\"],\"inLanguage\":\"en-US\",\"potentialAction\":[{\"@type\":\"CommentAction\",\"name\":\"Comment\",\"target\":[\"http:\/\/perigord-in.fr\/index.php\/2025\/12\/16\/silot-parc-urbain-au-coeur-de-lagglo\/#respond\"]}]},{\"@type\":\"WebPage\",\"@id\":\"http:\/\/perigord-in.fr\/index.php\/2025\/12\/16\/silot-parc-urbain-au-coeur-de-lagglo\/\",\"url\":\"http:\/\/perigord-in.fr\/index.php\/2025\/12\/16\/silot-parc-urbain-au-coeur-de-lagglo\/\",\"name\":\"S\u00eelot, parc urbain au c\u0153ur de l'agglo - Perigord&#039;In\",\"isPartOf\":{\"@id\":\"http:\/\/perigord-in.fr\/#website\"},\"primaryImageOfPage\":{\"@id\":\"http:\/\/perigord-in.fr\/index.php\/2025\/12\/16\/silot-parc-urbain-au-coeur-de-lagglo\/#primaryimage\"},\"image\":{\"@id\":\"http:\/\/perigord-in.fr\/index.php\/2025\/12\/16\/silot-parc-urbain-au-coeur-de-lagglo\/#primaryimage\"},\"thumbnailUrl\":\"https:\/\/perigord-in.fr\/wp-content\/uploads\/2025\/12\/photo-video-Silot-mini-1.jpg\",\"datePublished\":\"2025-12-16T17:38:27+00:00\",\"dateModified\":\"2025-12-17T07:50:09+00:00\",\"breadcrumb\":{\"@id\":\"http:\/\/perigord-in.fr\/index.php\/2025\/12\/16\/silot-parc-urbain-au-coeur-de-lagglo\/#breadcrumb\"},\"inLanguage\":\"en-US\",\"potentialAction\":[{\"@type\":\"ReadAction\",\"target\":[\"http:\/\/perigord-in.fr\/index.php\/2025\/12\/16\/silot-parc-urbain-au-coeur-de-lagglo\/\"]}]},{\"@type\":\"ImageObject\",\"inLanguage\":\"en-US\",\"@id\":\"http:\/\/perigord-in.fr\/index.php\/2025\/12\/16\/silot-parc-urbain-au-coeur-de-lagglo\/#primaryimage\",\"url\":\"https:\/\/perigord-in.fr\/wp-content\/uploads\/2025\/12\/photo-video-Silot-mini-1.jpg\",\"contentUrl\":\"https:\/\/perigord-in.fr\/wp-content\/uploads\/2025\/12\/photo-video-Silot-mini-1.jpg\",\"width\":355,\"height\":199},{\"@type\":\"BreadcrumbList\",\"@id\":\"http:\/\/perigord-in.fr\/index.php\/2025\/12\/16\/silot-parc-urbain-au-coeur-de-lagglo\/#breadcrumb\",\"itemListElement\":[{\"@type\":\"ListItem\",\"position\":1,\"name\":\"Home\",\"item\":\"http:\/\/perigord-in.fr\/\"},{\"@type\":\"ListItem\",\"position\":2,\"name\":\"S\u00eelot, parc urbain au c\u0153ur de l&#8217;agglo\"}]},{\"@type\":\"WebSite\",\"@id\":\"http:\/\/perigord-in.fr\/#website\",\"url\":\"http:\/\/perigord-in.fr\/\",\"name\":\"Perigord&#039;In\",\"description\":\"\",\"publisher\":{\"@id\":\"http:\/\/perigord-in.fr\/#organization\"},\"potentialAction\":[{\"@type\":\"SearchAction\",\"target\":{\"@type\":\"EntryPoint\",\"urlTemplate\":\"http:\/\/perigord-in.fr\/?s={search_term_string}\"},\"query-input\":{\"@type\":\"PropertyValueSpecification\",\"valueRequired\":true,\"valueName\":\"search_term_string\"}}],\"inLanguage\":\"en-US\"},{\"@type\":\"Organization\",\"@id\":\"http:\/\/perigord-in.fr\/#organization\",\"name\":\"Perigord&#039;In\",\"url\":\"http:\/\/perigord-in.fr\/\",\"logo\":{\"@type\":\"ImageObject\",\"inLanguage\":\"en-US\",\"@id\":\"http:\/\/perigord-in.fr\/#\/schema\/logo\/image\/\",\"url\":\"https:\/\/perigord-in.fr\/wp-content\/uploads\/2025\/10\/cropped-PX-baseline@2x-scaled-1.png\",\"contentUrl\":\"https:\/\/perigord-in.fr\/wp-content\/uploads\/2025\/10\/cropped-PX-baseline@2x-scaled-1.png\",\"width\":2560,\"height\":854,\"caption\":\"Perigord&#039;In\"},\"image\":{\"@id\":\"http:\/\/perigord-in.fr\/#\/schema\/logo\/image\/\"}},{\"@type\":\"Person\",\"@id\":\"http:\/\/perigord-in.fr\/#\/schema\/person\/2ccfb2c296fabd4621ef2fec0ec4c31b\",\"name\":\"Emma\",\"image\":{\"@type\":\"ImageObject\",\"inLanguage\":\"en-US\",\"@id\":\"http:\/\/perigord-in.fr\/#\/schema\/person\/image\/\",\"url\":\"https:\/\/secure.gravatar.com\/avatar\/24e28e2ed001ee5f68452ca15f58e1fb9199409c15a90e91c02e788a92c3289e?s=96&d=mm&r=g\",\"contentUrl\":\"https:\/\/secure.gravatar.com\/avatar\/24e28e2ed001ee5f68452ca15f58e1fb9199409c15a90e91c02e788a92c3289e?s=96&d=mm&r=g\",\"caption\":\"Emma\"},\"url\":\"https:\/\/perigord-in.fr\/index.php\/author\/emma\/\"}]}<\/script>\n<!-- \/ Yoast SEO plugin. -->","yoast_head_json":{"title":"S\u00eelot, parc urbain au c\u0153ur de l'agglo - Perigord&#039;In","robots":{"index":"index","follow":"follow","max-snippet":"max-snippet:-1","max-image-preview":"max-image-preview:large","max-video-preview":"max-video-preview:-1"},"canonical":"http:\/\/perigord-in.fr\/index.php\/2025\/12\/16\/silot-parc-urbain-au-coeur-de-lagglo\/","og_locale":"en_US","og_type":"article","og_title":"S\u00eelot, parc urbain au c\u0153ur de l'agglo - Perigord&#039;In","og_description":"Le p\u00f4le des cultures urbaines et de l&#8217;\u00e9conomie sociale et solidaire de l&#8217;agglom\u00e9ration p\u00e9rigourdine a \u00e9t\u00e9 inaugur\u00e9 le 15 novembre [&hellip;]","og_url":"http:\/\/perigord-in.fr\/index.php\/2025\/12\/16\/silot-parc-urbain-au-coeur-de-lagglo\/","og_site_name":"Perigord&#039;In","article_published_time":"2025-12-16T17:38:27+00:00","article_modified_time":"2025-12-17T07:50:09+00:00","og_image":[{"width":355,"height":199,"url":"http:\/\/perigord-in.fr\/wp-content\/uploads\/2025\/12\/photo-video-Silot-mini-1.jpg","type":"image\/jpeg"}],"author":"Emma","twitter_card":"summary_large_image","twitter_misc":{"Written by":"Emma","Est. reading time":"1 minute"},"schema":{"@context":"https:\/\/schema.org","@graph":[{"@type":"Article","@id":"http:\/\/perigord-in.fr\/index.php\/2025\/12\/16\/silot-parc-urbain-au-coeur-de-lagglo\/#article","isPartOf":{"@id":"http:\/\/perigord-in.fr\/index.php\/2025\/12\/16\/silot-parc-urbain-au-coeur-de-lagglo\/"},"author":{"name":"Emma","@id":"http:\/\/perigord-in.fr\/#\/schema\/person\/2ccfb2c296fabd4621ef2fec0ec4c31b"},"headline":"S\u00eelot, parc urbain au c\u0153ur de l&#8217;agglo","datePublished":"2025-12-16T17:38:27+00:00","dateModified":"2025-12-17T07:50:09+00:00","mainEntityOfPage":{"@id":"http:\/\/perigord-in.fr\/index.php\/2025\/12\/16\/silot-parc-urbain-au-coeur-de-lagglo\/"},"wordCount":63,"commentCount":0,"publisher":{"@id":"http:\/\/perigord-in.fr\/#organization"},"image":{"@id":"http:\/\/perigord-in.fr\/index.php\/2025\/12\/16\/silot-parc-urbain-au-coeur-de-lagglo\/#primaryimage"},"thumbnailUrl":"https:\/\/perigord-in.fr\/wp-content\/uploads\/2025\/12\/photo-video-Silot-mini-1.jpg","articleSection":["interview vid\u00e9o"],"inLanguage":"en-US","potentialAction":[{"@type":"CommentAction","name":"Comment","target":["http:\/\/perigord-in.fr\/index.php\/2025\/12\/16\/silot-parc-urbain-au-coeur-de-lagglo\/#respond"]}]},{"@type":"WebPage","@id":"http:\/\/perigord-in.fr\/index.php\/2025\/12\/16\/silot-parc-urbain-au-coeur-de-lagglo\/","url":"http:\/\/perigord-in.fr\/index.php\/2025\/12\/16\/silot-parc-urbain-au-coeur-de-lagglo\/","name":"S\u00eelot, parc urbain au c\u0153ur de l'agglo - Perigord&#039;In","isPartOf":{"@id":"http:\/\/perigord-in.fr\/#website"},"primaryImageOfPage":{"@id":"http:\/\/perigord-in.fr\/index.php\/2025\/12\/16\/silot-parc-urbain-au-coeur-de-lagglo\/#primaryimage"},"image":{"@id":"http:\/\/perigord-in.fr\/index.php\/2025\/12\/16\/silot-parc-urbain-au-coeur-de-lagglo\/#primaryimage"},"thumbnailUrl":"https:\/\/perigord-in.fr\/wp-content\/uploads\/2025\/12\/photo-video-Silot-mini-1.jpg","datePublished":"2025-12-16T17:38:27+00:00","dateModified":"2025-12-17T07:50:09+00:00","breadcrumb":{"@id":"http:\/\/perigord-in.fr\/index.php\/2025\/12\/16\/silot-parc-urbain-au-coeur-de-lagglo\/#breadcrumb"},"inLanguage":"en-US","potentialAction":[{"@type":"ReadAction","target":["http:\/\/perigord-in.fr\/index.php\/2025\/12\/16\/silot-parc-urbain-au-coeur-de-lagglo\/"]}]},{"@type":"ImageObject","inLanguage":"en-US","@id":"http:\/\/perigord-in.fr\/index.php\/2025\/12\/16\/silot-parc-urbain-au-coeur-de-lagglo\/#primaryimage","url":"https:\/\/perigord-in.fr\/wp-content\/uploads\/2025\/12\/photo-video-Silot-mini-1.jpg","contentUrl":"https:\/\/perigord-in.fr\/wp-content\/uploads\/2025\/12\/photo-video-Silot-mini-1.jpg","width":355,"height":199},{"@type":"BreadcrumbList","@id":"http:\/\/perigord-in.fr\/index.php\/2025\/12\/16\/silot-parc-urbain-au-coeur-de-lagglo\/#breadcrumb","itemListElement":[{"@type":"ListItem","position":1,"name":"Home","item":"http:\/\/perigord-in.fr\/"},{"@type":"ListItem","position":2,"name":"S\u00eelot, parc urbain au c\u0153ur de l&#8217;agglo"}]},{"@type":"WebSite","@id":"http:\/\/perigord-in.fr\/#website","url":"http:\/\/perigord-in.fr\/","name":"Perigord&#039;In","description":"","publisher":{"@id":"http:\/\/perigord-in.fr\/#organization"},"potentialAction":[{"@type":"SearchAction","target":{"@type":"EntryPoint","urlTemplate":"http:\/\/perigord-in.fr\/?s={search_term_string}"},"query-input":{"@type":"PropertyValueSpecification","valueRequired":true,"valueName":"search_term_string"}}],"inLanguage":"en-US"},{"@type":"Organization","@id":"http:\/\/perigord-in.fr\/#organization","name":"Perigord&#039;In","url":"http:\/\/perigord-in.fr\/","logo":{"@type":"ImageObject","inLanguage":"en-US","@id":"http:\/\/perigord-in.fr\/#\/schema\/logo\/image\/","url":"https:\/\/perigord-in.fr\/wp-content\/uploads\/2025\/10\/cropped-PX-baseline@2x-scaled-1.png","contentUrl":"https:\/\/perigord-in.fr\/wp-content\/uploads\/2025\/10\/cropped-PX-baseline@2x-scaled-1.png","width":2560,"height":854,"caption":"Perigord&#039;In"},"image":{"@id":"http:\/\/perigord-in.fr\/#\/schema\/logo\/image\/"}},{"@type":"Person","@id":"http:\/\/perigord-in.fr\/#\/schema\/person\/2ccfb2c296fabd4621ef2fec0ec4c31b","name":"Emma","image":{"@type":"ImageObject","inLanguage":"en-US","@id":"http:\/\/perigord-in.fr\/#\/schema\/person\/image\/","url":"https:\/\/secure.gravatar.com\/avatar\/24e28e2ed001ee5f68452ca15f58e1fb9199409c15a90e91c02e788a92c3289e?s=96&d=mm&r=g","contentUrl":"https:\/\/secure.gravatar.com\/avatar\/24e28e2ed001ee5f68452ca15f58e1fb9199409c15a90e91c02e788a92c3289e?s=96&d=mm&r=g","caption":"Emma"},"url":"https:\/\/perigord-in.fr\/index.php\/author\/emma\/"}]}},"_links":{"self":[{"href":"https:\/\/perigord-in.fr\/index.php\/wp-json\/wp\/v2\/posts\/192","targetHints":{"allow":["GET"]}}],"collection":[{"href":"https:\/\/perigord-in.fr\/index.php\/wp-json\/wp\/v2\/posts"}],"about":[{"href":"https:\/\/perigord-in.fr\/index.php\/wp-json\/wp\/v2\/types\/post"}],"author":[{"embeddable":true,"href":"https:\/\/perigord-in.fr\/index.php\/wp-json\/wp\/v2\/users\/3"}],"replies":[{"embeddable":true,"href":"https:\/\/perigord-in.fr\/index.php\/wp-json\/wp\/v2\/comments?post=192"}],"version-history":[{"count":33,"href":"https:\/\/perigord-in.fr\/index.php\/wp-json\/wp\/v2\/posts\/192\/revisions"}],"predecessor-version":[{"id":243,"href":"https:\/\/perigord-in.fr\/index.php\/wp-json\/wp\/v2\/posts\/192\/revisions\/243"}],"wp:featuredmedia":[{"embeddable":true,"href":"https:\/\/perigord-in.fr\/index.php\/wp-json\/wp\/v2\/media\/193"}],"wp:attachment":[{"href":"https:\/\/perigord-in.fr\/index.php\/wp-json\/wp\/v2\/media?parent=192"}],"wp:term":[{"taxonomy":"category","embeddable":true,"href":"https:\/\/perigord-in.fr\/index.php\/wp-json\/wp\/v2\/categories?post=192"},{"taxonomy":"post_tag","embeddable":true,"href":"https:\/\/perigord-in.fr\/index.php\/wp-json\/wp\/v2\/tags?post=192"}],"curies":[{"name":"wp","href":"https:\/\/api.w.org\/{rel}","templated":true}]}}